{"id":5914,"date":"2022-06-14T18:43:56","date_gmt":"2022-06-14T16:43:56","guid":{"rendered":"https:\/\/www.donau-ybbsfeld.at\/blog\/?p=5914"},"modified":"2022-06-14T18:43:56","modified_gmt":"2022-06-14T16:43:56","slug":"mentale-staerke-fuer-oesterreich-mit-manuel-horeth","status":"publish","type":"post","link":"https:\/\/www.donau-ybbsfeld.at\/blog\/mentale-staerke-fuer-oesterreich-mit-manuel-horeth\/","title":{"rendered":"Mentale St\u00e4rke f\u00fcr \u00d6sterreich mit Manuel Horeth"},"content":{"rendered":"","protected":false},"excerpt":{"rendered":"","protected":false},"author":14,"featured_media":5915,"comment_status":"closed","ping_status":"closed","sticky":false,"template":"","format":"standard","meta":{"footnotes":""},"categories":[1],"tags":[],"class_list":["post-5914","post","type-post","status-publish","format-standard","has-post-thumbnail","hentry","category-interne-beitraege"],"_links":{"self":[{"href":"https:\/\/www.donau-ybbsfeld.at\/blog\/wp-json\/wp\/v2\/posts\/5914","targetHints":{"allow":["GET"]}}],"collection":[{"href":"https:\/\/www.donau-ybbsfeld.at\/blog\/wp-json\/wp\/v2\/posts"}],"about":[{"href":"https:\/\/www.donau-ybbsfeld.at\/blog\/wp-json\/wp\/v2\/types\/post"}],"author":[{"embeddable":true,"href":"https:\/\/www.donau-ybbsfeld.at\/blog\/wp-json\/wp\/v2\/users\/14"}],"replies":[{"embeddable":true,"href":"https:\/\/www.donau-ybbsfeld.at\/blog\/wp-json\/wp\/v2\/comments?post=5914"}],"version-history":[{"count":1,"href":"https:\/\/www.donau-ybbsfeld.at\/blog\/wp-json\/wp\/v2\/posts\/5914\/revisions"}],"predecessor-version":[{"id":5916,"href":"https:\/\/www.donau-ybbsfeld.at\/blog\/wp-json\/wp\/v2\/posts\/5914\/revisions\/5916"}],"wp:featuredmedia":[{"embeddable":true,"href":"https:\/\/www.donau-ybbsfeld.at\/blog\/wp-json\/wp\/v2\/media\/5915"}],"wp:attachment":[{"href":"https:\/\/www.donau-ybbsfeld.at\/blog\/wp-json\/wp\/v2\/media?parent=5914"}],"wp:term":[{"taxonomy":"category","embeddable":true,"href":"https:\/\/www.donau-ybbsfeld.at\/blog\/wp-json\/wp\/v2\/categories?post=5914"},{"taxonomy":"post_tag","embeddable":true,"href":"https:\/\/www.donau-ybbsfeld.at\/blog\/wp-json\/wp\/v2\/tags?post=5914"}],"curies":[{"name":"wp","href":"https:\/\/api.w.org\/{rel}","templated":true}]}}