{"id":6266,"date":"2023-02-23T23:18:44","date_gmt":"2023-02-23T22:18:44","guid":{"rendered":"https:\/\/www.donau-ybbsfeld.at\/blog\/?p=6266"},"modified":"2023-02-26T10:21:28","modified_gmt":"2023-02-26T09:21:28","slug":"gesunde-kleinregion-donau-ybbsfeld-beim-vernetzungstreffen-der-kleinregion-kleines-erlauftal-praesentiert","status":"publish","type":"post","link":"https:\/\/www.donau-ybbsfeld.at\/blog\/gesunde-kleinregion-donau-ybbsfeld-beim-vernetzungstreffen-der-kleinregion-kleines-erlauftal-praesentiert\/","title":{"rendered":"Gesunde Kleinregion &#8218;Donau-Ybbsfeld&#8216; beim Vernetzungstreffen der Kleinregion &#8218;Kleines Erlauftal&#8216; pr\u00e4sentiert"},"content":{"rendered":"<p>Die Kleinregion &#8222;Kleines Erlauftal&#8220; lud Mitte Februar zum Vernetzungstreffen der Gesunden Partnergemeinden Gresten, Gresten-Land, Randegg, Reinsberg, Steinakirchen am Forst, Wang und Wolfpassing in die Gemeinder\u00e4umlichkeiten der Gemeinde Wolfpassing.<\/p>\n<p>Wolfgang Zellhofer aus Randegg (Bezirk Scheibbs), der derzeit gemeinsam mit Martina Gaind (Blindenmarkt) und Karin Ebner (St. Georgen am Ybbsfelde) den Universit\u00e4tslehrgang f\u00fcr &#8222;Regionale Gesundheitskoordination&#8220; in Krems besucht, bat im Vorfeld f\u00fcr diesen Abend um kurze Pr\u00e4sentation der bereits zertifizierten &#8222;Gesunden Kleinregion Donau-Ybbsfeld&#8220; (Bezirk Amstetten), der seine beiden Mitstudentinnen angeh\u00f6ren.<\/p>\n<p>Im Rahmen der Veranstaltung durfte Martina Gaind die bereits seit \u00fcber 20 Jahren bestehende Zusammenarbeit im Themenbereich &#8222;Gesundheit &#038; Soziales&#8220; der Kleinregion &#8222;Donau-Ybbsfeld&#8220; (Partnergemeinden: Ardagger, Blindenmarkt, Ferschnitz, Neustadtl, St. Georgen am Ybbsfelde, Viehdorf) in einem kurzen Vortrag umrei\u00dfen und pr\u00e4sentieren. Zur Veranschaulichung des bestehenden Angebots f\u00fcr B\u00fcrgerInnen f\u00fcgte sie ihren Ausf\u00fchrungen auch noch Ausdrucke gemeinde\u00fcbergreifender Veranstaltungen und Umsetzungen aus der Kleinregion &#8222;Donau-Ybbsfeld&#8220; f\u00fcr die interessierten Zuh\u00f6rerInnen bei.<\/p>\n<p>&#8222;Auch die Kleinregion &#8218;Kleines Erlauftal&#8216; plant in der n\u00e4chsten Zeit zu einer &#8218;Gesunden Kleinregion&#8216; zu werden und es war uns eine gro\u00dfe Ehre, den engagierten Mitgliedern aus den jeweiligen Arbeitskreisen und Gemeinder\u00e4ten \u00fcber unsere bestehende Zusammenarbeit in der Kleinregion &#8218;Donau-Ybbsfeld&#8216; einen Einblick zu gew\u00e4hren.&#8220;, stellte Martina Gaind abschlie\u00dfend fest.<\/p>\n<p>Foto (\u00a9 Gemeinde Wolfpassing): Martina Gaind (5. stehend von links) mit Studienkollegen Wolfgang Zellhofer aus Randegg (5. stehend von rechts) mit Wolfpassinger Gastgeberin AKL Eva Wallner (vorne, 2. von links) und Tut-Gut-Regionalberaterinnen f\u00fcr die Kleinregion Kleines Erlauftal Sabine Kromoser und Birgit Wurzer (vorne, 2. und 4. von rechts)<br \/>\nVerhindert: Sozialsprecherin der KR Donau-Ybbsfeld Karin Ebner (St. Georgen am Ybbsfelde)<\/p>\n","protected":false},"excerpt":{"rendered":"<p>Die Kleinregion &#8222;Kleines Erlauftal&#8220; lud Mitte Februar zum Vernetzungstreffen der Gesunden Partnergemeinden Gresten, Gresten-Land, Randegg, Reinsberg, Steinakirchen am Forst, Wang und Wolfpassing in die Gemeinder\u00e4umlichkeiten der Gemeinde Wolfpassing. Wolfgang Zellhofer aus Randegg (Bezirk Scheibbs), der derzeit gemeinsam mit<\/p>\n<p><a class=\"more-link\" href=\"https:\/\/www.donau-ybbsfeld.at\/blog\/gesunde-kleinregion-donau-ybbsfeld-beim-vernetzungstreffen-der-kleinregion-kleines-erlauftal-praesentiert\/\">Weiterlesen<\/a><\/p>\n","protected":false},"author":2,"featured_media":6268,"comment_status":"closed","ping_status":"closed","sticky":false,"template":"","format":"standard","meta":{"footnotes":""},"categories":[36,35,4,28,11,34],"tags":[],"class_list":["post-6266","post","type-post","status-publish","format-standard","has-post-thumbnail","hentry","category-alle-altersgruppen","category-alle-gemeinden","category-beratung","category-blindenmarkt","category-kommunale-verwaltung-politik","category-st-georgen-am-ybbsfelde"],"_links":{"self":[{"href":"https:\/\/www.donau-ybbsfeld.at\/blog\/wp-json\/wp\/v2\/posts\/6266","targetHints":{"allow":["GET"]}}],"collection":[{"href":"https:\/\/www.donau-ybbsfeld.at\/blog\/wp-json\/wp\/v2\/posts"}],"about":[{"href":"https:\/\/www.donau-ybbsfeld.at\/blog\/wp-json\/wp\/v2\/types\/post"}],"author":[{"embeddable":true,"href":"https:\/\/www.donau-ybbsfeld.at\/blog\/wp-json\/wp\/v2\/users\/2"}],"replies":[{"embeddable":true,"href":"https:\/\/www.donau-ybbsfeld.at\/blog\/wp-json\/wp\/v2\/comments?post=6266"}],"version-history":[{"count":3,"href":"https:\/\/www.donau-ybbsfeld.at\/blog\/wp-json\/wp\/v2\/posts\/6266\/revisions"}],"predecessor-version":[{"id":6270,"href":"https:\/\/www.donau-ybbsfeld.at\/blog\/wp-json\/wp\/v2\/posts\/6266\/revisions\/6270"}],"wp:featuredmedia":[{"embeddable":true,"href":"https:\/\/www.donau-ybbsfeld.at\/blog\/wp-json\/wp\/v2\/media\/6268"}],"wp:attachment":[{"href":"https:\/\/www.donau-ybbsfeld.at\/blog\/wp-json\/wp\/v2\/media?parent=6266"}],"wp:term":[{"taxonomy":"category","embeddable":true,"href":"https:\/\/www.donau-ybbsfeld.at\/blog\/wp-json\/wp\/v2\/categories?post=6266"},{"taxonomy":"post_tag","embeddable":true,"href":"https:\/\/www.donau-ybbsfeld.at\/blog\/wp-json\/wp\/v2\/tags?post=6266"}],"curies":[{"name":"wp","href":"https:\/\/api.w.org\/{rel}","templated":true}]}}